{"id":800,"date":"2013-08-19T19:52:00","date_gmt":"2013-08-19T18:52:00","guid":{"rendered":"http:\/\/www.canyon-nice.fr\/blog\/?p=800"},"modified":"2014-05-31T21:12:47","modified_gmt":"2014-05-31T20:12:47","slug":"une-journee-presque-comme-les-autres-dans-la-bollene","status":"publish","type":"post","link":"http:\/\/www.canyon-nice.fr\/blog\/2013\/08\/19\/une-journee-presque-comme-les-autres-dans-la-bollene\/","title":{"rendered":"Une journ\u00e9e (presque) comme les autres dans la Boll\u00e8ne"},"content":{"rendered":"<p style=\"text-align: justify;\">Quelques semaines auparavant, Guigui, un vieux pote du lyc\u00e9e m&rsquo;appelait pour me demander si c&rsquo;\u00e9tait possible de faire la Boll\u00e8ne avec lui, Mucos, un autre vieux copain et sa ch\u00e9rie Elo\u00efse. Dimanche 18, ce n&rsquo;est pas le meilleur jour pour faire du b\u00e9n\u00e9volat en canyon mais je ne pouvais pas refuser \u00e7a \u00e0 des amis. On allait partir pour un petit canyon peinard \u00e0 4 quand les plans ont bascul\u00e9. Le vendredi, je re\u00e7ois un message de C\u00e9line ma coloc qui \u00e9tait en montagne du c\u00f4t\u00e9 de la V\u00e9subie avec son homme R\u00e9mi et qui me dit que \u00e7a p\u00e8te tous les apr\u00e8m&#8230; Alors je lui propose de caler son dimanche sur le mien et de nous rejoindre dans la Boll\u00e8ne. +2. La veille, Philippe me demande s&rsquo;il peut venir avec nous en rep\u00e9rage. +1. Puis je propose \u00e0 Ana\u00efs en me disant qu&rsquo;elle avait d\u00e9j\u00e0 s\u00fbrement pr\u00e9vu quelque chose. Mais non, elle est partante pour le canyon et am\u00e8ne en m\u00eame temps Laura, une amie. +2.<\/p>\n<p style=\"text-align: justify;\">ngg_shortcode_0_placeholder<\/p>\n<p style=\"text-align: justify;\">Vous savez quoi, moi ce que j&rsquo;aime le plus chez les gens, c&rsquo;est la spontan\u00e9it\u00e9. C&rsquo;est quand tu leur demandes un truc, ils prennent pas un quart d&rsquo;heure pour te dire oui. Bon, l\u00e0 on se retrouve \u00e0 9 en tout, on va stopper la croissance du groupe. Et nous voil\u00e0 dimanche matin, \u00e0 10h au caf\u00e9 de Lantosque, croissants en bouche, caf\u00e9 aux l\u00e8vres, \u00e0 faire les pr\u00e9sentations entre vieux potes, nouveaux potes, colocs et conjoints. La journ\u00e9e promet d&rsquo;\u00eatre plut\u00f4t agr\u00e9able.<\/p>\n<p style=\"text-align: justify;\">ngg_shortcode_1_placeholder<\/p>\n<p style=\"text-align: justify;\">Quelques minutes plus tard et un parking version Kangoo 4&#215;4 plus loin, on s&rsquo;\u00e9quipe et on descend dans le canyon. Le groupe est globalement d&rsquo;exp\u00e9rience. On avance bien. Elo\u00efse h\u00e9site un peu sur le premier saut mais se met rapidement \u00e0 l&rsquo;aise dans son premier canyon. Ca s&rsquo;encha\u00eene, \u00e7a marche, \u00e7a d\u00e9conne, \u00e7a se coule, \u00e7a taille, \u00e7a glisse et \u00e7a prend bien le soleil de l&rsquo;amiti\u00e9. On prend le temps, on saute et ressaute quand c&rsquo;est possible et on passe une journ\u00e9e assez m\u00e9morable, qui se terminera en mode barbecue et ros\u00e9 \u00e0 la coloc pour tous les participants. Mais tr\u00eave de bavardage et place aux photos et films : Phil, Laura et moi-m\u00eame en preneurs d&rsquo;images.<\/p>\n<p style=\"text-align: justify;\">ngg_shortcode_2_placeholder<\/p>\n<p style=\"text-align: justify;\">[stream flv=x:\/www.canyon-nice.fr\/blog\/wp-content\/uploads\/2013\/08\/Bollene.flv img=x:\/www.canyon-nice.fr\/blog\/wp-content\/uploads\/2013\/08\/Bollene.jpg hd=x:\/www.canyon-nice.fr\/blog\/wp-content\/uploads\/2013\/08\/Bollenehd.flv mp4=x:\/www.canyon-nice.fr\/blog\/wp-content\/uploads\/2013\/08\/Bollene.mp4 embed=true share=true width=640 height=360 dock=true controlbar=over bandwidth=high autostart=false responsive=16:9 \/]<\/p>\n","protected":false},"excerpt":{"rendered":"<p>Quelques semaines auparavant, Guigui, un vieux pote du lyc\u00e9e m&rsquo;appelait pour me demander si c&rsquo;\u00e9tait possible de faire la Boll\u00e8ne avec lui, Mucos, un autre vieux copain et sa ch\u00e9rie Elo\u00efse. Dimanche 18, ce n&rsquo;est pas le meilleur jour pour &hellip; <a href=\"http:\/\/www.canyon-nice.fr\/blog\/2013\/08\/19\/une-journee-presque-comme-les-autres-dans-la-bollene\/\">Continuer la lecture <span class=\"meta-nav\">&rarr;<\/span><\/a><\/p>\n","protected":false},"author":2,"featured_media":0,"comment_status":"open","ping_status":"open","sticky":false,"template":"","format":"standard","meta":{"ngg_post_thumbnail":0,"footnotes":""},"categories":[7,135],"tags":[153,120,119,126,48],"_links":{"self":[{"href":"http:\/\/www.canyon-nice.fr\/blog\/wp-json\/wp\/v2\/posts\/800"}],"collection":[{"href":"http:\/\/www.canyon-nice.fr\/blog\/wp-json\/wp\/v2\/posts"}],"about":[{"href":"http:\/\/www.canyon-nice.fr\/blog\/wp-json\/wp\/v2\/types\/post"}],"author":[{"embeddable":true,"href":"http:\/\/www.canyon-nice.fr\/blog\/wp-json\/wp\/v2\/users\/2"}],"replies":[{"embeddable":true,"href":"http:\/\/www.canyon-nice.fr\/blog\/wp-json\/wp\/v2\/comments?post=800"}],"version-history":[{"count":13,"href":"http:\/\/www.canyon-nice.fr\/blog\/wp-json\/wp\/v2\/posts\/800\/revisions"}],"predecessor-version":[{"id":995,"href":"http:\/\/www.canyon-nice.fr\/blog\/wp-json\/wp\/v2\/posts\/800\/revisions\/995"}],"wp:attachment":[{"href":"http:\/\/www.canyon-nice.fr\/blog\/wp-json\/wp\/v2\/media?parent=800"}],"wp:term":[{"taxonomy":"category","embeddable":true,"href":"http:\/\/www.canyon-nice.fr\/blog\/wp-json\/wp\/v2\/categories?post=800"},{"taxonomy":"post_tag","embeddable":true,"href":"http:\/\/www.canyon-nice.fr\/blog\/wp-json\/wp\/v2\/tags?post=800"}],"curies":[{"name":"wp","href":"https:\/\/api.w.org\/{rel}","templated":true}]}}