{"id":658,"date":"2013-02-11T21:26:07","date_gmt":"2013-02-11T20:26:07","guid":{"rendered":"http:\/\/www.canyon-nice.fr\/blog\/?p=658"},"modified":"2013-02-11T21:26:07","modified_gmt":"2013-02-11T20:26:07","slug":"etaps-on-prend-les-nouveaux-et-on-recommence","status":"publish","type":"post","link":"http:\/\/www.canyon-nice.fr\/blog\/2013\/02\/11\/etaps-on-prend-les-nouveaux-et-on-recommence\/","title":{"rendered":"ETAPS, on prend les nouveaux et on recommence !"},"content":{"rendered":"<p style=\"text-align: justify;\">Alors que j&rsquo;\u00e9cris cet article, voil\u00e0 que le cycle d&rsquo;escalade vient de se terminer pour les stagiaires en formation ETAPS des centres Asprocep, Isi, Greta Grasse, La Clef et Reflets. En novembre, c&rsquo;\u00e9taient les centres Tetraccord \u00e0 Beausoleil, le Greta Cannes, l&rsquo;UFCM et l&rsquo;INFREP \u00e0 Cannes \u00e9galement qui profitaient de ce dispositif mis en place par l&rsquo;UCPA et financ\u00e9 par la r\u00e9gion permettant \u00e0 des jeunes en situation de remise \u00e0 niveau de b\u00e9n\u00e9ficier d&rsquo;activit\u00e9s sportives originales qui leur seraient difficilement accessible hors du cadre de leur formation. Et me voil\u00e0 donc propuls\u00e9 en moniteur d&rsquo;escalade (et oui, c&rsquo;est mon m\u00e9tier), aux commandes d&rsquo;un groupe de 8 stagiaires maximum, pour des cycles de 5 \u00e0 6 s\u00e9ances ayant pour objectif la d\u00e9couverte de l&rsquo;activit\u00e9, l&rsquo;apprentissage des notions de base pour l&rsquo;autonomie, le respect des r\u00e8gles de s\u00e9curit\u00e9 et tout ce que v\u00e9hicule l&rsquo;image du sport et particuli\u00e8rement de l&rsquo;escalade : se d\u00e9passer physiquement, surmonter ses peurs, progresser sur le plan moteur et affectif, prendre le temps d&rsquo;admirer le paysage et rentrer chez soi la t\u00eate pleine d&rsquo;\u00e9motions pour une bonne nuit de sommeil.<\/p>\n<p style=\"text-align: justify;\">ngg_shortcode_0_placeholder<\/p>\n<p style=\"text-align: justify;\">Soyons francs, tout n&rsquo;est pas toujours facile. Savoir trouver la motivation chez certains groupes les froides journ\u00e9es d&rsquo;hiver rel\u00e8ve parfois de l&rsquo;impossible. Les d\u00e9bordements existent aussi et de temps en temps, c&rsquo;est l&rsquo;\u00e9ducateur qui doit prendre le dessus sur le professeur. Mais de mani\u00e8re g\u00e9n\u00e9rale, cet aspect de mon m\u00e9tier me passionne assez et je me sens rarement aussi utile que lorsque qu&rsquo;un des stagiaires parvient \u00e0 toucher un relais \u00e0 la quatri\u00e8me s\u00e9ance alors qu&rsquo;il pleurait \u00e0 3m du sol pour redescendre \u00e0 la deuxi\u00e8me. Et croyez-moi, \u00e7a arrive assez fr\u00e9quemment !<\/p>\n<p style=\"text-align: justify;\">ngg_shortcode_1_placeholder<\/p>\n<p style=\"text-align: justify;\">Enfin, me voil\u00e0 en presque cong\u00e9s pour 3 semaines, avant d&rsquo;attaquer pour le dernier cycle avec les centres de Nice en Mars sur les gr\u00e8s de Contes, le calcaire de La Turbie, ou la rhyolite du Dramont ou sur les barreaux de la via de Peille. La suite en images.<\/p>\n<p style=\"text-align: justify;\">ngg_shortcode_2_placeholder<\/p>\n","protected":false},"excerpt":{"rendered":"<p>Alors que j&rsquo;\u00e9cris cet article, voil\u00e0 que le cycle d&rsquo;escalade vient de se terminer pour les stagiaires en formation ETAPS des centres Asprocep, Isi, Greta Grasse, La Clef et Reflets. En novembre, c&rsquo;\u00e9taient les centres Tetraccord \u00e0 Beausoleil, le Greta &hellip; <a href=\"http:\/\/www.canyon-nice.fr\/blog\/2013\/02\/11\/etaps-on-prend-les-nouveaux-et-on-recommence\/\">Continuer la lecture <span class=\"meta-nav\">&rarr;<\/span><\/a><\/p>\n","protected":false},"author":2,"featured_media":0,"comment_status":"open","ping_status":"open","sticky":false,"template":"","format":"standard","meta":{"ngg_post_thumbnail":0,"footnotes":""},"categories":[5,12],"tags":[80,15,71,20,78,113],"_links":{"self":[{"href":"http:\/\/www.canyon-nice.fr\/blog\/wp-json\/wp\/v2\/posts\/658"}],"collection":[{"href":"http:\/\/www.canyon-nice.fr\/blog\/wp-json\/wp\/v2\/posts"}],"about":[{"href":"http:\/\/www.canyon-nice.fr\/blog\/wp-json\/wp\/v2\/types\/post"}],"author":[{"embeddable":true,"href":"http:\/\/www.canyon-nice.fr\/blog\/wp-json\/wp\/v2\/users\/2"}],"replies":[{"embeddable":true,"href":"http:\/\/www.canyon-nice.fr\/blog\/wp-json\/wp\/v2\/comments?post=658"}],"version-history":[{"count":5,"href":"http:\/\/www.canyon-nice.fr\/blog\/wp-json\/wp\/v2\/posts\/658\/revisions"}],"predecessor-version":[{"id":664,"href":"http:\/\/www.canyon-nice.fr\/blog\/wp-json\/wp\/v2\/posts\/658\/revisions\/664"}],"wp:attachment":[{"href":"http:\/\/www.canyon-nice.fr\/blog\/wp-json\/wp\/v2\/media?parent=658"}],"wp:term":[{"taxonomy":"category","embeddable":true,"href":"http:\/\/www.canyon-nice.fr\/blog\/wp-json\/wp\/v2\/categories?post=658"},{"taxonomy":"post_tag","embeddable":true,"href":"http:\/\/www.canyon-nice.fr\/blog\/wp-json\/wp\/v2\/tags?post=658"}],"curies":[{"name":"wp","href":"https:\/\/api.w.org\/{rel}","templated":true}]}}