{"id":587,"date":"2012-04-18T20:37:28","date_gmt":"2012-04-18T19:37:28","guid":{"rendered":"http:\/\/www.canyon-nice.fr\/blog\/?p=587"},"modified":"2012-04-18T21:14:04","modified_gmt":"2012-04-18T20:14:04","slug":"verdon-escalade-highline-et-grand-vent","status":"publish","type":"post","link":"http:\/\/www.canyon-nice.fr\/blog\/2012\/04\/18\/verdon-escalade-highline-et-grand-vent\/","title":{"rendered":"Verdon : escalade, highline et grand vent !!!"},"content":{"rendered":"<p style=\"text-align: justify;\">En ce long week-end de P\u00e2ques, profitant des quelques jours de cong\u00e9s que j&rsquo;arrive p\u00e9niblement \u00e0 m&rsquo;octroyer, nous d\u00e9cidons Kati et moi d&rsquo;aller faire un tour dans un lieu mythique de la grimpe mondiale : les gorges du Verdon. C&rsquo;est donc avec un rythme de touristes vacanciers que nous abordons ces hautes falaises que je ne pr\u00e9sente plus tant elles sont connues et reconnues par tous et par toutes.<\/p>\n<p style=\"text-align: justify;\">ngg_shortcode_0_placeholder<\/p>\n<p style=\"text-align: justify;\">ngg_shortcode_1_placeholder<\/p>\n<p style=\"text-align: justify;\">Pour une mise en condition, nous nous entrainons dans deux \u00ab\u00a0couennes \u00e0 gaz\u00a0\u00bb (comprenez moulinettes en haut de falaise) que sont \u00ab\u00a0Les grimpeurs se cachent pour vomir\u00a0\u00bb et \u00ab\u00a0Les rideaux de Gwendal\u00a0\u00bb, toutes deux autour de 5+\/6a. Quel bonheur que de grimper 60m sur ce caillou ultra compact, bien qu&rsquo;un peu patin\u00e9, les vautours et les hurlements des 5 cord\u00e9es perdues dans les dalles grises juste \u00e0 c\u00f4t\u00e9 pour seuls compagnons. Oui, c&rsquo;est vrai, avouons-le, nous n&rsquo;\u00e9tions pas seuls. Mais qu&rsquo;importe, dans cet oc\u00e9an calcaire, il reste tout de m\u00eame difficile de se marcher dessus.<\/p>\n<p style=\"text-align: justify;\">ngg_shortcode_2_placeholder<\/p>\n<p style=\"text-align: justify;\">Et en parlant de marcher dessus, avez-vous d\u00e9j\u00e0 essay\u00e9 de marcher sur du vide ? Eh bien je vous garantis que ce n&rsquo;est pas chose ais\u00e9e. Explication. Nous avons retrouv\u00e9 un certain Mich Kemeter, autrichien de renom, highliner, free soloeur et base jumper \u00e0 ces heures perdues. Le genre de gars qui commence sa journ\u00e9e par un petit solo tranquille, un saut, une highline, et pourquoi pas une highline en \u00ab\u00a0presque\u00a0\u00bb solo (attach\u00e9 par la cheville &#8230;&#8230;)<\/p>\n<p style=\"text-align: justify;\">ngg_shortcode_3_placeholder<\/p>\n<p style=\"text-align: justify;\">ngg_shortcode_4_placeholder<\/p>\n<p style=\"text-align: justify;\">ngg_shortcode_5_placeholder<\/p>\n<p style=\"text-align: justify;\">Bref, \u00e9tant moi-m\u00eame pas compl\u00e9tement ridicule en slackline \u00e0 ras le sol, je me suis dit que c&rsquo;\u00e9tait l&rsquo;occasion ou jamais d&rsquo;essayer de me dandiner par 300m de haut sur une sangle de 2,5cm de large et 30m de long. Le r\u00e9sultat en images :<\/p>\n<p style=\"text-align: justify;\">ngg_shortcode_6_placeholder<\/p>\n<p style=\"text-align: justify;\">ngg_shortcode_7_placeholder<\/p>\n<p style=\"text-align: justify;\">Bon, revenons \u00e0 des activit\u00e9s plus modestes. Le dimanche, entre 2 chocolats, nous avons parcouru l&rsquo;ar\u00eate du belv\u00e9d\u00e8re, grande voie d&rsquo;initiation par excellence au Verdon. Malheureusement, nous avons \u00e9t\u00e9 cueillis au r\u00e9veil par un mistral \u00e0 d\u00e9corner les boeufs !! L&rsquo;avantage pour nous : toutes les cord\u00e9es devant nous ont abandonn\u00e9. Nous, on a trac\u00e9. Et pour trac\u00e9, on a trac\u00e9 des longueurs avoisinant les 70m ! Juste histoire de ne pas trainer aux relais. Des conditions particuli\u00e8res qui ne nous ont pas emp\u00each\u00e9 d&rsquo;appr\u00e9cier la voie. Par contre, nous \u00e9tions tellement rinc\u00e9s que le lendemain, nous avons juste d\u00e9cider d&rsquo;observer de nouveau les highliners et de grimper \u00ab\u00a0Face au public\u00a0\u00bb avant de repartir vers la c\u00f4te et des journ\u00e9es de travail un peu plus ordinaires&#8230;<\/p>\n<p style=\"text-align: justify;\">ngg_shortcode_8_placeholder<\/p>\n<p style=\"text-align: justify;\">ngg_shortcode_9_placeholder<\/p>\n<p style=\"text-align: justify;\">ngg_shortcode_10_placeholder<\/p>\n<p style=\"text-align: justify;\">ngg_shortcode_11_placeholder<\/p>\n<p style=\"text-align: justify;\">ngg_shortcode_12_placeholder<\/p>\n<p style=\"text-align: justify;\">[stream flv=x:\/www.canyon-nice.fr\/blog\/wp-content\/uploads\/2012\/04\/Verdon.flv embed=false share=false width=640 height=360 dock=true controlbar=over bandwidth=high autostart=false \/]<\/p>\n","protected":false},"excerpt":{"rendered":"<p>En ce long week-end de P\u00e2ques, profitant des quelques jours de cong\u00e9s que j&rsquo;arrive p\u00e9niblement \u00e0 m&rsquo;octroyer, nous d\u00e9cidons Kati et moi d&rsquo;aller faire un tour dans un lieu mythique de la grimpe mondiale : les gorges du Verdon. C&rsquo;est &hellip; <a href=\"http:\/\/www.canyon-nice.fr\/blog\/2012\/04\/18\/verdon-escalade-highline-et-grand-vent\/\">Continuer la lecture <span class=\"meta-nav\">&rarr;<\/span><\/a><\/p>\n","protected":false},"author":2,"featured_media":0,"comment_status":"open","ping_status":"open","sticky":false,"template":"","format":"standard","meta":{"ngg_post_thumbnail":0,"footnotes":""},"categories":[10],"tags":[94,15,93,212],"_links":{"self":[{"href":"http:\/\/www.canyon-nice.fr\/blog\/wp-json\/wp\/v2\/posts\/587"}],"collection":[{"href":"http:\/\/www.canyon-nice.fr\/blog\/wp-json\/wp\/v2\/posts"}],"about":[{"href":"http:\/\/www.canyon-nice.fr\/blog\/wp-json\/wp\/v2\/types\/post"}],"author":[{"embeddable":true,"href":"http:\/\/www.canyon-nice.fr\/blog\/wp-json\/wp\/v2\/users\/2"}],"replies":[{"embeddable":true,"href":"http:\/\/www.canyon-nice.fr\/blog\/wp-json\/wp\/v2\/comments?post=587"}],"version-history":[{"count":7,"href":"http:\/\/www.canyon-nice.fr\/blog\/wp-json\/wp\/v2\/posts\/587\/revisions"}],"predecessor-version":[{"id":597,"href":"http:\/\/www.canyon-nice.fr\/blog\/wp-json\/wp\/v2\/posts\/587\/revisions\/597"}],"wp:attachment":[{"href":"http:\/\/www.canyon-nice.fr\/blog\/wp-json\/wp\/v2\/media?parent=587"}],"wp:term":[{"taxonomy":"category","embeddable":true,"href":"http:\/\/www.canyon-nice.fr\/blog\/wp-json\/wp\/v2\/categories?post=587"},{"taxonomy":"post_tag","embeddable":true,"href":"http:\/\/www.canyon-nice.fr\/blog\/wp-json\/wp\/v2\/tags?post=587"}],"curies":[{"name":"wp","href":"https:\/\/api.w.org\/{rel}","templated":true}]}}