{"id":551,"date":"2012-02-24T07:41:12","date_gmt":"2012-02-24T06:41:12","guid":{"rendered":"http:\/\/www.canyon-nice.fr\/blog\/?p=551"},"modified":"2012-02-24T07:57:06","modified_gmt":"2012-02-24T06:57:06","slug":"esaps-seances-5-et-6-escalade-variee-et-via-ferrata","status":"publish","type":"post","link":"http:\/\/www.canyon-nice.fr\/blog\/2012\/02\/24\/esaps-seances-5-et-6-escalade-variee-et-via-ferrata\/","title":{"rendered":"ESAPS s\u00e9ances 5 et 6 : escalade vari\u00e9e et via ferrata"},"content":{"rendered":"<p style=\"text-align: justify;\">Pour l&rsquo;avant derni\u00e8re semaine du cycle, nous avons eu la chance de retrouver des temp\u00e9ratures plus agr\u00e9ables qui m&rsquo;ont permis de faire d\u00e9couvrir d&rsquo;autres sites aux stagiaires ESAPS, notamment Levens et St Jeannet. Les jeunes \u00e9tant maintenant bien autonomes \u00e0 quelques rares exceptions pr\u00e8s, j&rsquo;en ai profit\u00e9 pour faire grimper mes meilleurs grimpeurs en t\u00eate et leur apprendre les subtilit\u00e9s de l&rsquo;assurage d&rsquo;un premier de cord\u00e9e. Pour les autres, escalade ludique au menu, pieds et poings li\u00e9s ! Le groupe du Greta a \u00e9galement d\u00e9couvert un bout de la via corda du Dramont et les frissons d&rsquo;un rappel un peu engag\u00e9. Les stagiaires d&rsquo;Isi ont eux \u00e9t\u00e9 initi\u00e9s \u00e0 la slackline, le caillou \u00e9tant rest\u00e9 \u00e0 l&rsquo;ombre toute la matin\u00e9e \u00e0 St Jeannet. J&rsquo;ai fait de nouveaux adeptes !!<\/p>\n<p style=\"text-align: justify;\">ngg_shortcode_0_placeholder<\/p>\n<p style=\"text-align: justify;\">[stream flv=x:\/www.canyon-nice.fr\/blog\/wp-content\/uploads\/2012\/02\/Gre01.flv embed=false share=false width=640 height=360 dock=true controlbar=over bandwidth=high autostart=false \/]<\/p>\n<p style=\"text-align: justify;\">Et finalement, pour la derni\u00e8re semaine, j&rsquo;ai amen\u00e9 tous mes groupes parcourir la via ferrata de Peille. Certains stagiaires se sont surpass\u00e9s \u00e0 l&rsquo;image de Ons ou Carla du Greta pour qui l&rsquo;effort physique coupl\u00e9 \u00e0 l&rsquo;appr\u00e9hension du vide donnait un d\u00e9fi bien d\u00e9licat \u00e0 surmonter. Pour la majorit\u00e9, la balade a \u00e9t\u00e9 appr\u00e9ci\u00e9e pour son c\u00f4t\u00e9 ludique et original. Que du plaisir et un peu de courbatures aux bras le lendemain !<\/p>\n<p style=\"text-align: justify;\">ngg_shortcode_1_placeholder<\/p>\n<p style=\"text-align: justify;\">[stream flv=x:\/www.canyon-nice.fr\/blog\/wp-content\/uploads\/2012\/02\/Isi02.flv embed=false share=false width=640 height=360 dock=true controlbar=over bandwidth=high autostart=false \/]<\/p>\n<p style=\"text-align: justify;\">[stream flv=x:\/www.canyon-nice.fr\/blog\/wp-content\/uploads\/2012\/02\/Cle02.flv embed=false share=false width=640 height=360 dock=true controlbar=over bandwidth=high autostart=false \/]<\/p>\n<p style=\"text-align: justify;\">[stream flv=x:\/www.canyon-nice.fr\/blog\/wp-content\/uploads\/2012\/02\/Cle05.flv embed=false share=false width=640 height=360 dock=true controlbar=over bandwidth=high autostart=false \/]<\/p>\n<p style=\"text-align: justify;\">Et c&rsquo;est au bout de cette ligne de vie que j&rsquo;ai finalement quitt\u00e9 mes jeunes grimpeurs. Le bilan est plus que positif : les jeunes ont appr\u00e9ci\u00e9 ces 6 journ\u00e9es, ont d\u00e9couvert des lieux et une activit\u00e9 atypique pleine d&rsquo;enseignements, o\u00f9 la relation humaine rev\u00eat autant d&rsquo;importance que la performance. J&rsquo;esp\u00e8re avoir r\u00e9ussi \u00e0 v\u00e9hiculer certaines des valeurs fondamentales de ce sport que sont le respect de soi, de l&rsquo;autre et de l&rsquo;environnement.<\/p>\n<p style=\"text-align: justify;\">Bonne continuation \u00e0 vous tous, les stagiaires de l&rsquo;ESAPS !!<\/p>\n<p style=\"text-align: justify;\">\n","protected":false},"excerpt":{"rendered":"<p>Pour l&rsquo;avant derni\u00e8re semaine du cycle, nous avons eu la chance de retrouver des temp\u00e9ratures plus agr\u00e9ables qui m&rsquo;ont permis de faire d\u00e9couvrir d&rsquo;autres sites aux stagiaires ESAPS, notamment Levens et St Jeannet. Les jeunes \u00e9tant maintenant bien autonomes \u00e0 &hellip; <a href=\"http:\/\/www.canyon-nice.fr\/blog\/2012\/02\/24\/esaps-seances-5-et-6-escalade-variee-et-via-ferrata\/\">Continuer la lecture <span class=\"meta-nav\">&rarr;<\/span><\/a><\/p>\n","protected":false},"author":2,"featured_media":0,"comment_status":"open","ping_status":"open","sticky":false,"template":"","format":"standard","meta":{"ngg_post_thumbnail":0,"footnotes":""},"categories":[5,12],"tags":[80,72,15,14,85,84,70,54],"_links":{"self":[{"href":"http:\/\/www.canyon-nice.fr\/blog\/wp-json\/wp\/v2\/posts\/551"}],"collection":[{"href":"http:\/\/www.canyon-nice.fr\/blog\/wp-json\/wp\/v2\/posts"}],"about":[{"href":"http:\/\/www.canyon-nice.fr\/blog\/wp-json\/wp\/v2\/types\/post"}],"author":[{"embeddable":true,"href":"http:\/\/www.canyon-nice.fr\/blog\/wp-json\/wp\/v2\/users\/2"}],"replies":[{"embeddable":true,"href":"http:\/\/www.canyon-nice.fr\/blog\/wp-json\/wp\/v2\/comments?post=551"}],"version-history":[{"count":8,"href":"http:\/\/www.canyon-nice.fr\/blog\/wp-json\/wp\/v2\/posts\/551\/revisions"}],"predecessor-version":[{"id":559,"href":"http:\/\/www.canyon-nice.fr\/blog\/wp-json\/wp\/v2\/posts\/551\/revisions\/559"}],"wp:attachment":[{"href":"http:\/\/www.canyon-nice.fr\/blog\/wp-json\/wp\/v2\/media?parent=551"}],"wp:term":[{"taxonomy":"category","embeddable":true,"href":"http:\/\/www.canyon-nice.fr\/blog\/wp-json\/wp\/v2\/categories?post=551"},{"taxonomy":"post_tag","embeddable":true,"href":"http:\/\/www.canyon-nice.fr\/blog\/wp-json\/wp\/v2\/tags?post=551"}],"curies":[{"name":"wp","href":"https:\/\/api.w.org\/{rel}","templated":true}]}}