{"id":239,"date":"2011-04-11T06:55:13","date_gmt":"2011-04-11T05:55:13","guid":{"rendered":"http:\/\/www.canyon-nice.fr\/blog\/?p=239"},"modified":"2011-04-11T06:59:04","modified_gmt":"2011-04-11T05:59:04","slug":"grosse-sortie-a-la-source","status":"publish","type":"post","link":"http:\/\/www.canyon-nice.fr\/blog\/2011\/04\/11\/grosse-sortie-a-la-source\/","title":{"rendered":"Grosse sortie \u00e0 la Source"},"content":{"rendered":"<p style=\"text-align: justify;\">Samedi dernier, tout le club d&rsquo;Escale s&rsquo;est retrouv\u00e9 \u00e0 St Jeannet, au secteur de la Source. Tandis que B\u00e9renger s&rsquo;occupait des ados, c&rsquo;est avec les plus jeunes que je passais la journ\u00e9e pour leur deuxi\u00e8me sortie falaise de l&rsquo;ann\u00e9e.<\/p>\n<div id=\"attachment_241\" style=\"width: 235px\" class=\"wp-caption aligncenter\"><a href=\"http:\/\/www.canyon-nice.fr\/blog\/wp-content\/uploads\/2011\/04\/IMG_6998.jpg\"><img loading=\"lazy\" decoding=\"async\" aria-describedby=\"caption-attachment-241\" class=\"size-medium wp-image-241\" title=\"Estelle\" src=\"http:\/\/www.canyon-nice.fr\/blog\/wp-content\/uploads\/2011\/04\/IMG_6998-225x300.jpg\" alt=\"\" width=\"225\" height=\"300\" srcset=\"http:\/\/www.canyon-nice.fr\/blog\/wp-content\/uploads\/2011\/04\/IMG_6998-225x300.jpg 225w, http:\/\/www.canyon-nice.fr\/blog\/wp-content\/uploads\/2011\/04\/IMG_6998.jpg 600w\" sizes=\"(max-width: 225px) 100vw, 225px\" \/><\/a><p id=\"caption-attachment-241\" class=\"wp-caption-text\">Estelle bien attentive sur sa pose de pieds<\/p><\/div>\n<p style=\"text-align: justify;\">C&rsquo;est donc sur le bloc de la salle \u00e0 manger que les enfants m&rsquo;ont d\u00e9montr\u00e9 leurs talents d&rsquo;assureurs et de grimpeurs. Malgr\u00e9 quelques r\u00e9ticences \u00e0 descendre correctement pour certains, la plupart m&rsquo;ont impressionn\u00e9 par leur s\u00e9rieux (qui n&rsquo;est pas toujours de mise en salle) et leur concentration. Tr\u00e8s peu d&rsquo;erreurs d&rsquo;assurage, presque tout le monde est mont\u00e9 jusqu&rsquo;au sommet des voies, chacun a bien profit\u00e9.<\/p>\n<div id=\"attachment_242\" style=\"width: 310px\" class=\"wp-caption aligncenter\"><a href=\"http:\/\/www.canyon-nice.fr\/blog\/wp-content\/uploads\/2011\/04\/IMG_7010.jpg\"><img loading=\"lazy\" decoding=\"async\" aria-describedby=\"caption-attachment-242\" class=\"size-medium wp-image-242\" title=\"Le groupe 2\" src=\"http:\/\/www.canyon-nice.fr\/blog\/wp-content\/uploads\/2011\/04\/IMG_7010-300x225.jpg\" alt=\"\" width=\"300\" height=\"225\" srcset=\"http:\/\/www.canyon-nice.fr\/blog\/wp-content\/uploads\/2011\/04\/IMG_7010-300x225.jpg 300w, http:\/\/www.canyon-nice.fr\/blog\/wp-content\/uploads\/2011\/04\/IMG_7010.jpg 800w\" sizes=\"(max-width: 300px) 100vw, 300px\" \/><\/a><p id=\"caption-attachment-242\" class=\"wp-caption-text\">Les jeunes du groupe 2 \u00e0 l&#39;assurage<\/p><\/div>\n<p style=\"text-align: justify;\">Quelques uns ont d\u00e9j\u00e0 acquis une bonne assurance dans leurs man\u0153uvres, ont parfaitement assimil\u00e9 les m\u00e9canismes de descente en moulinette, et bien\u00a0 retranscrit ce que nous leur apprenons \u00e0 la salle en terme d&rsquo;appuis et de placements. Ceux-l\u00e0 seront rapidement \u00ab\u00a0autonomes\u00a0\u00bb, du moins autant que leur \u00e2ge le leur permet. D&rsquo;autres, le plus jeunes en g\u00e9n\u00e9ral, auront besoin d&rsquo;encore un peu de temps avant d&rsquo;\u00eatre totalement \u00e0 l&rsquo;aise mais tous ont \u00e9t\u00e9 \u00e0 l&rsquo;\u00e9coute de mes conseils. Bref, je crois que nous pouvons \u00eatre fiers d&rsquo;eux !<\/p>\n<div id=\"attachment_243\" style=\"width: 310px\" class=\"wp-caption aligncenter\"><a href=\"http:\/\/www.canyon-nice.fr\/blog\/wp-content\/uploads\/2011\/04\/IMG_7016.jpg\"><img loading=\"lazy\" decoding=\"async\" aria-describedby=\"caption-attachment-243\" class=\"size-medium wp-image-243\" title=\"Greg\" src=\"http:\/\/www.canyon-nice.fr\/blog\/wp-content\/uploads\/2011\/04\/IMG_7016-300x225.jpg\" alt=\"\" width=\"300\" height=\"225\" srcset=\"http:\/\/www.canyon-nice.fr\/blog\/wp-content\/uploads\/2011\/04\/IMG_7016-300x225.jpg 300w, http:\/\/www.canyon-nice.fr\/blog\/wp-content\/uploads\/2011\/04\/IMG_7016.jpg 800w\" sizes=\"(max-width: 300px) 100vw, 300px\" \/><\/a><p id=\"caption-attachment-243\" class=\"wp-caption-text\">Greg, juste avant le sommet<\/p><\/div>\n<div id=\"attachment_244\" style=\"width: 235px\" class=\"wp-caption aligncenter\"><a href=\"http:\/\/www.canyon-nice.fr\/blog\/wp-content\/uploads\/2011\/04\/IMG_7031.jpg\"><img loading=\"lazy\" decoding=\"async\" aria-describedby=\"caption-attachment-244\" class=\"size-medium wp-image-244\" title=\"Ana\u00efs et Alison\" src=\"http:\/\/www.canyon-nice.fr\/blog\/wp-content\/uploads\/2011\/04\/IMG_7031-225x300.jpg\" alt=\"\" width=\"225\" height=\"300\" srcset=\"http:\/\/www.canyon-nice.fr\/blog\/wp-content\/uploads\/2011\/04\/IMG_7031-225x300.jpg 225w, http:\/\/www.canyon-nice.fr\/blog\/wp-content\/uploads\/2011\/04\/IMG_7031.jpg 600w\" sizes=\"(max-width: 225px) 100vw, 225px\" \/><\/a><p id=\"caption-attachment-244\" class=\"wp-caption-text\">Alison en train d&#39;aider Ana\u00efs<\/p><\/div>\n","protected":false},"excerpt":{"rendered":"<p>Samedi dernier, tout le club d&rsquo;Escale s&rsquo;est retrouv\u00e9 \u00e0 St Jeannet, au secteur de la Source. Tandis que B\u00e9renger s&rsquo;occupait des ados, c&rsquo;est avec les plus jeunes que je passais la journ\u00e9e pour leur deuxi\u00e8me sortie falaise de l&rsquo;ann\u00e9e. C&rsquo;est &hellip; <a href=\"http:\/\/www.canyon-nice.fr\/blog\/2011\/04\/11\/grosse-sortie-a-la-source\/\">Continuer la lecture <span class=\"meta-nav\">&rarr;<\/span><\/a><\/p>\n","protected":false},"author":2,"featured_media":0,"comment_status":"open","ping_status":"open","sticky":false,"template":"","format":"standard","meta":{"ngg_post_thumbnail":0,"footnotes":""},"categories":[5],"tags":[15,37,36],"_links":{"self":[{"href":"http:\/\/www.canyon-nice.fr\/blog\/wp-json\/wp\/v2\/posts\/239"}],"collection":[{"href":"http:\/\/www.canyon-nice.fr\/blog\/wp-json\/wp\/v2\/posts"}],"about":[{"href":"http:\/\/www.canyon-nice.fr\/blog\/wp-json\/wp\/v2\/types\/post"}],"author":[{"embeddable":true,"href":"http:\/\/www.canyon-nice.fr\/blog\/wp-json\/wp\/v2\/users\/2"}],"replies":[{"embeddable":true,"href":"http:\/\/www.canyon-nice.fr\/blog\/wp-json\/wp\/v2\/comments?post=239"}],"version-history":[{"count":5,"href":"http:\/\/www.canyon-nice.fr\/blog\/wp-json\/wp\/v2\/posts\/239\/revisions"}],"predecessor-version":[{"id":248,"href":"http:\/\/www.canyon-nice.fr\/blog\/wp-json\/wp\/v2\/posts\/239\/revisions\/248"}],"wp:attachment":[{"href":"http:\/\/www.canyon-nice.fr\/blog\/wp-json\/wp\/v2\/media?parent=239"}],"wp:term":[{"taxonomy":"category","embeddable":true,"href":"http:\/\/www.canyon-nice.fr\/blog\/wp-json\/wp\/v2\/categories?post=239"},{"taxonomy":"post_tag","embeddable":true,"href":"http:\/\/www.canyon-nice.fr\/blog\/wp-json\/wp\/v2\/tags?post=239"}],"curies":[{"name":"wp","href":"https:\/\/api.w.org\/{rel}","templated":true}]}}