{"id":225,"date":"2011-03-28T14:01:15","date_gmt":"2011-03-28T13:01:15","guid":{"rendered":"http:\/\/www.canyon-nice.fr\/blog\/?p=225"},"modified":"2011-04-11T07:00:05","modified_gmt":"2011-04-11T06:00:05","slug":"du-soleil-a-levens","status":"publish","type":"post","link":"http:\/\/www.canyon-nice.fr\/blog\/2011\/03\/28\/du-soleil-a-levens\/","title":{"rendered":"Du soleil \u00e0 Levens"},"content":{"rendered":"<p style=\"text-align: justify;\">Samedi dernier, c&rsquo;est \u00e0 la d\u00e9sormais classique falaise de Levens que j&rsquo;ai emmen\u00e9 les jeunes du club d&rsquo;Escale. J&rsquo;appr\u00e9cie tout particuli\u00e8rement cette falaise car elle est au calme et au soleil la majeure partie de la journ\u00e9e : id\u00e9al en ce d\u00e9but de printemps !<\/p>\n<div id=\"attachment_226\" style=\"width: 310px\" class=\"wp-caption aligncenter\"><a href=\"http:\/\/www.canyon-nice.fr\/blog\/wp-content\/uploads\/2011\/03\/IMG_6884.jpg\"><img loading=\"lazy\" decoding=\"async\" aria-describedby=\"caption-attachment-226\" class=\"size-medium wp-image-226\" title=\"Symphonie de destruction\" src=\"http:\/\/www.canyon-nice.fr\/blog\/wp-content\/uploads\/2011\/03\/IMG_6884-300x225.jpg\" alt=\"\" width=\"300\" height=\"225\" srcset=\"http:\/\/www.canyon-nice.fr\/blog\/wp-content\/uploads\/2011\/03\/IMG_6884-300x225.jpg 300w, http:\/\/www.canyon-nice.fr\/blog\/wp-content\/uploads\/2011\/03\/IMG_6884.jpg 800w\" sizes=\"(max-width: 300px) 100vw, 300px\" \/><\/a><p id=\"caption-attachment-226\" class=\"wp-caption-text\">Lou dans &quot;Symphonie de destruction&quot;, 5+<\/p><\/div>\n<p style=\"text-align: justify;\">C&rsquo;est avec 10 de mes jeunes grimpeurs que nous avons envahi le site en d\u00e9but de matin\u00e9e : personne en vue, la falaise est pour nous ! Du 4c au 6b, chacun grimpera \u00e0 son rythme plus ou moins sportivement&#8230; La performance de la matin\u00e9e va \u00e0 Antonin qui grimpe en t\u00eate pour la deuxi\u00e8me fois de sa jeune carri\u00e8re et apprend la fameuse manip du relais !<\/p>\n<div id=\"attachment_227\" style=\"width: 310px\" class=\"wp-caption aligncenter\"><a href=\"http:\/\/www.canyon-nice.fr\/blog\/wp-content\/uploads\/2011\/03\/IMG_6885.jpg\"><img loading=\"lazy\" decoding=\"async\" aria-describedby=\"caption-attachment-227\" class=\"size-medium wp-image-227\" title=\"Les shakras ouverts\" src=\"http:\/\/www.canyon-nice.fr\/blog\/wp-content\/uploads\/2011\/03\/IMG_6885-300x225.jpg\" alt=\"\" width=\"300\" height=\"225\" srcset=\"http:\/\/www.canyon-nice.fr\/blog\/wp-content\/uploads\/2011\/03\/IMG_6885-300x225.jpg 300w, http:\/\/www.canyon-nice.fr\/blog\/wp-content\/uploads\/2011\/03\/IMG_6885.jpg 800w\" sizes=\"(max-width: 300px) 100vw, 300px\" \/><\/a><p id=\"caption-attachment-227\" class=\"wp-caption-text\">Rapha\u00ebl arrive au relais des &quot;shakras ouverts&quot;, 6a, tandis que Nina grimpe le di\u00e8dre de &quot;l&#39;abeille a le bourdon&quot;, 4+<\/p><\/div>\n<p style=\"text-align: justify;\">L&rsquo;apr\u00e8s-midi, c&rsquo;est seulement avec Tom et Vincent que je me retrouve. En revanche, la falaise commence \u00e0 bien se remplir et c&rsquo;est avec difficult\u00e9 que nous trouvons quelques voies faciles de libre : l&rsquo;usine \u00e0 merde, que nous grimpons en version grande voie pour une descente en rappel, puis l&rsquo;abeille a le bourdon que Vincent gravira en t\u00eate \u00e9galement !<\/p>\n<div id=\"attachment_228\" style=\"width: 310px\" class=\"wp-caption aligncenter\"><a href=\"http:\/\/www.canyon-nice.fr\/blog\/wp-content\/uploads\/2011\/03\/IMG_6902.jpg\"><img loading=\"lazy\" decoding=\"async\" aria-describedby=\"caption-attachment-228\" class=\"size-medium wp-image-228\" title=\"L'usine \u00e0 merde\" src=\"http:\/\/www.canyon-nice.fr\/blog\/wp-content\/uploads\/2011\/03\/IMG_6902-300x225.jpg\" alt=\"\" width=\"300\" height=\"225\" srcset=\"http:\/\/www.canyon-nice.fr\/blog\/wp-content\/uploads\/2011\/03\/IMG_6902-300x225.jpg 300w, http:\/\/www.canyon-nice.fr\/blog\/wp-content\/uploads\/2011\/03\/IMG_6902.jpg 800w\" sizes=\"(max-width: 300px) 100vw, 300px\" \/><\/a><p id=\"caption-attachment-228\" class=\"wp-caption-text\">Clotilde au relais de &quot;l&#39;usine \u00e0 merde&quot;, 6a<\/p><\/div>\n<p style=\"text-align: justify;\">La totalit\u00e9 des photos sont disponibles sur mon site ou sur l&rsquo;album Picasa d&rsquo;Escale : merci \u00e0 D\u00e9yann pour avoir mitrailler tout le monde (surtout les filles \ud83d\ude09\u00a0 )!<\/p>\n<div id=\"attachment_229\" style=\"width: 310px\" class=\"wp-caption aligncenter\"><a href=\"http:\/\/www.canyon-nice.fr\/blog\/wp-content\/uploads\/2011\/03\/IMG_6904.jpg\"><img loading=\"lazy\" decoding=\"async\" aria-describedby=\"caption-attachment-229\" class=\"size-medium wp-image-229\" title=\"La m\u00e9thode respiratoire\" src=\"http:\/\/www.canyon-nice.fr\/blog\/wp-content\/uploads\/2011\/03\/IMG_6904-300x225.jpg\" alt=\"\" width=\"300\" height=\"225\" srcset=\"http:\/\/www.canyon-nice.fr\/blog\/wp-content\/uploads\/2011\/03\/IMG_6904-300x225.jpg 300w, http:\/\/www.canyon-nice.fr\/blog\/wp-content\/uploads\/2011\/03\/IMG_6904.jpg 800w\" sizes=\"(max-width: 300px) 100vw, 300px\" \/><\/a><p id=\"caption-attachment-229\" class=\"wp-caption-text\">Clovis dans &quot;la m\u00e9thode respiratoire&quot;, 6b<\/p><\/div>\n","protected":false},"excerpt":{"rendered":"<p>Samedi dernier, c&rsquo;est \u00e0 la d\u00e9sormais classique falaise de Levens que j&rsquo;ai emmen\u00e9 les jeunes du club d&rsquo;Escale. J&rsquo;appr\u00e9cie tout particuli\u00e8rement cette falaise car elle est au calme et au soleil la majeure partie de la journ\u00e9e : id\u00e9al en &hellip; <a href=\"http:\/\/www.canyon-nice.fr\/blog\/2011\/03\/28\/du-soleil-a-levens\/\">Continuer la lecture <span class=\"meta-nav\">&rarr;<\/span><\/a><\/p>\n","protected":false},"author":2,"featured_media":0,"comment_status":"open","ping_status":"open","sticky":false,"template":"","format":"standard","meta":{"ngg_post_thumbnail":0,"footnotes":""},"categories":[5],"tags":[15,37,14],"_links":{"self":[{"href":"http:\/\/www.canyon-nice.fr\/blog\/wp-json\/wp\/v2\/posts\/225"}],"collection":[{"href":"http:\/\/www.canyon-nice.fr\/blog\/wp-json\/wp\/v2\/posts"}],"about":[{"href":"http:\/\/www.canyon-nice.fr\/blog\/wp-json\/wp\/v2\/types\/post"}],"author":[{"embeddable":true,"href":"http:\/\/www.canyon-nice.fr\/blog\/wp-json\/wp\/v2\/users\/2"}],"replies":[{"embeddable":true,"href":"http:\/\/www.canyon-nice.fr\/blog\/wp-json\/wp\/v2\/comments?post=225"}],"version-history":[{"count":3,"href":"http:\/\/www.canyon-nice.fr\/blog\/wp-json\/wp\/v2\/posts\/225\/revisions"}],"predecessor-version":[{"id":249,"href":"http:\/\/www.canyon-nice.fr\/blog\/wp-json\/wp\/v2\/posts\/225\/revisions\/249"}],"wp:attachment":[{"href":"http:\/\/www.canyon-nice.fr\/blog\/wp-json\/wp\/v2\/media?parent=225"}],"wp:term":[{"taxonomy":"category","embeddable":true,"href":"http:\/\/www.canyon-nice.fr\/blog\/wp-json\/wp\/v2\/categories?post=225"},{"taxonomy":"post_tag","embeddable":true,"href":"http:\/\/www.canyon-nice.fr\/blog\/wp-json\/wp\/v2\/tags?post=225"}],"curies":[{"name":"wp","href":"https:\/\/api.w.org\/{rel}","templated":true}]}}