{"id":167,"date":"2011-02-11T19:54:49","date_gmt":"2011-02-11T18:54:49","guid":{"rendered":"http:\/\/www.canyon-nice.fr\/blog\/?p=167"},"modified":"2011-04-11T07:00:22","modified_gmt":"2011-04-11T06:00:22","slug":"contest-val-de-grimpe","status":"publish","type":"post","link":"http:\/\/www.canyon-nice.fr\/blog\/2011\/02\/11\/contest-val-de-grimpe\/","title":{"rendered":"Contest Val de grimpe"},"content":{"rendered":"<p style=\"text-align: justify;\">Samedi apr\u00e8s-midi, au lieu de notre s\u00e9ance habituelle \u00e0 Escale, j&rsquo;ai propos\u00e9 aux jeunes de venir participer au premier contest organis\u00e9 par la toute nouvelle salle de Cagnes sur Mer : Val de grimpe. En fonction des cat\u00e9gories, les grimpeurs devaient se lancer \u00e0 l&rsquo;assaut de 30 ou 40 blocs et arriver au \u00ab\u00a0top\u00a0\u00bb d&rsquo;un maximum. Ainsi, Vincent, Tom, Rapha\u00ebl, Arthur, Clotilde, M\u00e9lanie, L\u00e9a, Xavier, Florian et Clovis se sont donn\u00e9s \u00e0 fond 3h durant !<\/p>\n<div id=\"attachment_169\" style=\"width: 310px\" class=\"wp-caption aligncenter\"><a href=\"http:\/\/www.canyon-nice.fr\/blog\/wp-content\/uploads\/2011\/02\/IMG_6122.jpg\"><img loading=\"lazy\" decoding=\"async\" aria-describedby=\"caption-attachment-169\" class=\"size-medium wp-image-169\" title=\"Clotilde\" src=\"http:\/\/www.canyon-nice.fr\/blog\/wp-content\/uploads\/2011\/02\/IMG_6122-300x225.jpg\" alt=\"\" width=\"300\" height=\"225\" srcset=\"http:\/\/www.canyon-nice.fr\/blog\/wp-content\/uploads\/2011\/02\/IMG_6122-300x225.jpg 300w, http:\/\/www.canyon-nice.fr\/blog\/wp-content\/uploads\/2011\/02\/IMG_6122.jpg 800w\" sizes=\"(max-width: 300px) 100vw, 300px\" \/><\/a><p id=\"caption-attachment-169\" class=\"wp-caption-text\">Clotilde<\/p><\/div>\n<p style=\"text-align: justify;\">L&rsquo;ouverture particuli\u00e8rement soign\u00e9e des blocs, la structure de la salle et la hauteur des pans a permis \u00e0 tous les participants de s&rsquo;exprimer \u00e0 fond. Et ils \u00e9taient nombreux les participants !<\/p>\n<div id=\"attachment_170\" style=\"width: 235px\" class=\"wp-caption aligncenter\"><a href=\"http:\/\/www.canyon-nice.fr\/blog\/wp-content\/uploads\/2011\/02\/IMG_6132.jpg\"><img loading=\"lazy\" decoding=\"async\" aria-describedby=\"caption-attachment-170\" class=\"size-medium wp-image-170\" title=\"Vincent\" src=\"http:\/\/www.canyon-nice.fr\/blog\/wp-content\/uploads\/2011\/02\/IMG_6132-225x300.jpg\" alt=\"\" width=\"225\" height=\"300\" srcset=\"http:\/\/www.canyon-nice.fr\/blog\/wp-content\/uploads\/2011\/02\/IMG_6132-225x300.jpg 225w, http:\/\/www.canyon-nice.fr\/blog\/wp-content\/uploads\/2011\/02\/IMG_6132.jpg 600w\" sizes=\"(max-width: 225px) 100vw, 225px\" \/><\/a><p id=\"caption-attachment-170\" class=\"wp-caption-text\">Vincent<\/p><\/div>\n<p style=\"text-align: justify;\">Au final, nos jeunes se sont tr\u00e8s bien d\u00e9brouill\u00e9s, avec Florine qui arrache une 3\u00e8me place dans la cat\u00e9gorie cadette, L\u00e9a prend l&rsquo;argent en minime devant M\u00e9lanie au bronze et Clotilde qui manque de peu le podium avec la 4\u00e8me place. Pour les gar\u00e7ons en cadet, Xavier fait une 4\u00e8me place et devance Florian qui termine lui 8\u00e8me. Rapha\u00ebl et Arthur accrochent respectivement les 11 et 14\u00e8mes places. En minime, nos deux jeunes d\u00e9butants Vincent et Tom pour qui l&rsquo;exp\u00e9rience \u00e9tait toute nouvelle terminent bravement aux 11 et 12\u00e8mes places.<\/p>\n<div id=\"attachment_171\" style=\"width: 310px\" class=\"wp-caption aligncenter\"><a href=\"http:\/\/www.canyon-nice.fr\/blog\/wp-content\/uploads\/2011\/02\/IMG_6123.jpg\"><img loading=\"lazy\" decoding=\"async\" aria-describedby=\"caption-attachment-171\" class=\"size-medium wp-image-171\" title=\"Florine\" src=\"http:\/\/www.canyon-nice.fr\/blog\/wp-content\/uploads\/2011\/02\/IMG_6123-300x225.jpg\" alt=\"\" width=\"300\" height=\"225\" srcset=\"http:\/\/www.canyon-nice.fr\/blog\/wp-content\/uploads\/2011\/02\/IMG_6123-300x225.jpg 300w, http:\/\/www.canyon-nice.fr\/blog\/wp-content\/uploads\/2011\/02\/IMG_6123.jpg 800w\" sizes=\"(max-width: 300px) 100vw, 300px\" \/><\/a><p id=\"caption-attachment-171\" class=\"wp-caption-text\">Florine<\/p><\/div>\n<p style=\"text-align: justify;\">Sans oublier Clovis qui lui concourrait le soir avec les juniors qui se place 11\u00e8me, tandis que je parviens \u00e0 me hisser jusqu&rsquo;\u00e0 la 5\u00e8me place en senior.<\/p>\n<div id=\"attachment_172\" style=\"width: 310px\" class=\"wp-caption aligncenter\"><a href=\"http:\/\/www.canyon-nice.fr\/blog\/wp-content\/uploads\/2011\/02\/IMG_6129.jpg\"><img loading=\"lazy\" decoding=\"async\" aria-describedby=\"caption-attachment-172\" class=\"size-medium wp-image-172\" title=\"Florian\" src=\"http:\/\/www.canyon-nice.fr\/blog\/wp-content\/uploads\/2011\/02\/IMG_6129-300x225.jpg\" alt=\"\" width=\"300\" height=\"225\" srcset=\"http:\/\/www.canyon-nice.fr\/blog\/wp-content\/uploads\/2011\/02\/IMG_6129-300x225.jpg 300w, http:\/\/www.canyon-nice.fr\/blog\/wp-content\/uploads\/2011\/02\/IMG_6129.jpg 800w\" sizes=\"(max-width: 300px) 100vw, 300px\" \/><\/a><p id=\"caption-attachment-172\" class=\"wp-caption-text\">Florian<\/p><\/div>\n<p style=\"text-align: justify;\">Une belle demi-journ\u00e9e riche en exp\u00e9rience pour tous, remplie de bons moments, d&rsquo;efforts intenses et de patates pas cuites. On regrettera l&rsquo;absence de ceux qui n&rsquo;ont pas pu venir, notamment Victoria et Marina qui n&rsquo;ont pas pu se d\u00e9placer pour cause de blessure. Bon r\u00e9tablissement \u00e0 toutes les deux !<\/p>\n<div id=\"attachment_173\" style=\"width: 235px\" class=\"wp-caption aligncenter\"><a href=\"http:\/\/www.canyon-nice.fr\/blog\/wp-content\/uploads\/2011\/02\/IMG_6127.jpg\"><img loading=\"lazy\" decoding=\"async\" aria-describedby=\"caption-attachment-173\" class=\"size-medium wp-image-173\" title=\"M\u00e9lanie\" src=\"http:\/\/www.canyon-nice.fr\/blog\/wp-content\/uploads\/2011\/02\/IMG_6127-225x300.jpg\" alt=\"\" width=\"225\" height=\"300\" srcset=\"http:\/\/www.canyon-nice.fr\/blog\/wp-content\/uploads\/2011\/02\/IMG_6127-225x300.jpg 225w, http:\/\/www.canyon-nice.fr\/blog\/wp-content\/uploads\/2011\/02\/IMG_6127.jpg 600w\" sizes=\"(max-width: 225px) 100vw, 225px\" \/><\/a><p id=\"caption-attachment-173\" class=\"wp-caption-text\">M\u00e9lanie<\/p><\/div>\n<div id=\"attachment_174\" style=\"width: 310px\" class=\"wp-caption aligncenter\"><a href=\"http:\/\/www.canyon-nice.fr\/blog\/wp-content\/uploads\/2011\/02\/P1050036.jpg\"><img loading=\"lazy\" decoding=\"async\" aria-describedby=\"caption-attachment-174\" class=\"size-medium wp-image-174\" title=\"Sylvain\" src=\"http:\/\/www.canyon-nice.fr\/blog\/wp-content\/uploads\/2011\/02\/P1050036-300x225.jpg\" alt=\"\" width=\"300\" height=\"225\" srcset=\"http:\/\/www.canyon-nice.fr\/blog\/wp-content\/uploads\/2011\/02\/P1050036-300x225.jpg 300w, http:\/\/www.canyon-nice.fr\/blog\/wp-content\/uploads\/2011\/02\/P1050036.jpg 800w\" sizes=\"(max-width: 300px) 100vw, 300px\" \/><\/a><p id=\"caption-attachment-174\" class=\"wp-caption-text\">Sylvain<\/p><\/div>\n","protected":false},"excerpt":{"rendered":"<p>Samedi apr\u00e8s-midi, au lieu de notre s\u00e9ance habituelle \u00e0 Escale, j&rsquo;ai propos\u00e9 aux jeunes de venir participer au premier contest organis\u00e9 par la toute nouvelle salle de Cagnes sur Mer : Val de grimpe. En fonction des cat\u00e9gories, les grimpeurs &hellip; <a href=\"http:\/\/www.canyon-nice.fr\/blog\/2011\/02\/11\/contest-val-de-grimpe\/\">Continuer la lecture <span class=\"meta-nav\">&rarr;<\/span><\/a><\/p>\n","protected":false},"author":2,"featured_media":0,"comment_status":"open","ping_status":"open","sticky":false,"template":"","format":"standard","meta":{"ngg_post_thumbnail":0,"footnotes":""},"categories":[5],"tags":[35,34,15,37,33],"_links":{"self":[{"href":"http:\/\/www.canyon-nice.fr\/blog\/wp-json\/wp\/v2\/posts\/167"}],"collection":[{"href":"http:\/\/www.canyon-nice.fr\/blog\/wp-json\/wp\/v2\/posts"}],"about":[{"href":"http:\/\/www.canyon-nice.fr\/blog\/wp-json\/wp\/v2\/types\/post"}],"author":[{"embeddable":true,"href":"http:\/\/www.canyon-nice.fr\/blog\/wp-json\/wp\/v2\/users\/2"}],"replies":[{"embeddable":true,"href":"http:\/\/www.canyon-nice.fr\/blog\/wp-json\/wp\/v2\/comments?post=167"}],"version-history":[{"count":7,"href":"http:\/\/www.canyon-nice.fr\/blog\/wp-json\/wp\/v2\/posts\/167\/revisions"}],"predecessor-version":[{"id":250,"href":"http:\/\/www.canyon-nice.fr\/blog\/wp-json\/wp\/v2\/posts\/167\/revisions\/250"}],"wp:attachment":[{"href":"http:\/\/www.canyon-nice.fr\/blog\/wp-json\/wp\/v2\/media?parent=167"}],"wp:term":[{"taxonomy":"category","embeddable":true,"href":"http:\/\/www.canyon-nice.fr\/blog\/wp-json\/wp\/v2\/categories?post=167"},{"taxonomy":"post_tag","embeddable":true,"href":"http:\/\/www.canyon-nice.fr\/blog\/wp-json\/wp\/v2\/tags?post=167"}],"curies":[{"name":"wp","href":"https:\/\/api.w.org\/{rel}","templated":true}]}}